{"id":216,"date":"2019-11-10T14:55:40","date_gmt":"2019-11-10T12:55:40","guid":{"rendered":"https:\/\/turunsarjakuvaseura.fi\/wordpress\/?p=216"},"modified":"2024-03-17T12:15:44","modified_gmt":"2024-03-17T10:15:44","slug":"julkaisut","status":"publish","type":"post","link":"https:\/\/turunsarjakuvaseura.fi\/wordpress\/en\/julkaisut\/","title":{"rendered":"Publications"},"content":{"rendered":"<p><span style=\"font-weight: 400;\">The Turku Comics Society publishes a yearly anthology which was first launched in 2006. Over the years, the anthologies have featured works from dozens of artists, ranging from novices to established professionals. Alongside with anthologies, the Turku Comics Society also publishes other comics and non-fiction books on comics. Most of our publications can be found at <a href=\"https:\/\/www.sarjakuvakauppa.fi\/catalogsearch\/result\/?q=turun+sarjakuvakerho\">Turku Comics Store<\/a>!<\/span><\/p>\n<p><span style=\"font-weight: 400;\">Most of our publications are only in Finnish, with some having Swedish subtitles. Please email us at turunsarjakuvakerho(a)gmail.com if you wish to know more about any of our publications.<\/span><\/p>\n<div class=\"ect-featured-content ect-section layout-three\"><div class=\"ect-wrapper\"><div class=\"section-content-wrapper featured-content-wrapper layout-three\">\t\t\t\n<div class=\"hentry featured-content-entry\">\n    <header class=\"featured-content-entry-header entry-header\">\n    <a class=\"featured-content-featured-image\" href=\"https:\/\/turunsarjakuvaseura.fi\/wordpress\/en\/featured-content\/hairio-ja-harmonia\/\"><img loading=\"lazy\" decoding=\"async\" width=\"995\" height=\"1414\" src=\"https:\/\/turunsarjakuvaseura.fi\/wordpress\/wp-content\/uploads\/2022\/12\/Antologia_hairiojaharmonia.jpg\" class=\"attachment-ect-featured size-ect-featured wp-post-image\" alt=\"\" srcset=\"https:\/\/turunsarjakuvaseura.fi\/wordpress\/wp-content\/uploads\/2022\/12\/Antologia_hairiojaharmonia.jpg 995w, https:\/\/turunsarjakuvaseura.fi\/wordpress\/wp-content\/uploads\/2022\/12\/Antologia_hairiojaharmonia-211x300.jpg 211w, https:\/\/turunsarjakuvaseura.fi\/wordpress\/wp-content\/uploads\/2022\/12\/Antologia_hairiojaharmonia-721x1024.jpg 721w, https:\/\/turunsarjakuvaseura.fi\/wordpress\/wp-content\/uploads\/2022\/12\/Antologia_hairiojaharmonia-768x1091.jpg 768w\" sizes=\"auto, (max-width: 995px) 100vw, 995px\" \/><\/a>\n    <h2 class=\"featured-content-entry-title entry-title\"><a href=\"https:\/\/turunsarjakuvaseura.fi\/wordpress\/en\/featured-content\/hairio-ja-harmonia\/\" title=\"Antologia 2020: H\u00e4iri\u00f6 ja harmonia\">Antologia 2020: H\u00e4iri\u00f6 ja harmonia<\/a><\/h2>\n            <div class=\"featured-content-entry-meta entry-meta\">\n                <\/div>\n        <\/header>\n\n        <div class=\"featured-content-entry-content entry-content\"><p>Sf\u00e4\u00e4rien musiikkia ja arjen sora\u00e4\u00e4ni\u00e4, soitinten sulos\u00e4veli\u00e4 ja tolkutonta mekkalointia. Turun sarjakuvakerhon antologiassa tasapainotellaan t\u00e4n\u00e4 vuonna h\u00e4iri\u00f6n ja harmonian v\u00e4lill\u00e4. &hellip; <span class=\"more-button\"><a href=\"https:\/\/turunsarjakuvaseura.fi\/wordpress\/en\/featured-content\/hairio-ja-harmonia\/\" class=\"more-link\">Lue lis\u00e4\u00e4<span class=\"screen-reader-text\">Antologia 2020: H\u00e4iri\u00f6 ja harmonia<\/span><\/a><\/span><\/p>\n<\/div>\n    <\/div><!-- close .featured-content-entry -->\n<div class=\"hentry featured-content-entry\">\n    <header class=\"featured-content-entry-header entry-header\">\n    <a class=\"featured-content-featured-image\" href=\"https:\/\/turunsarjakuvaseura.fi\/wordpress\/en\/featured-content\/moninaisuuksia\/\"><img loading=\"lazy\" decoding=\"async\" width=\"1456\" height=\"2078\" src=\"https:\/\/turunsarjakuvaseura.fi\/wordpress\/wp-content\/uploads\/2023\/02\/Moninaisuuksia-2021.png\" class=\"attachment-ect-featured size-ect-featured wp-post-image\" alt=\"\" srcset=\"https:\/\/turunsarjakuvaseura.fi\/wordpress\/wp-content\/uploads\/2023\/02\/Moninaisuuksia-2021.png 1456w, https:\/\/turunsarjakuvaseura.fi\/wordpress\/wp-content\/uploads\/2023\/02\/Moninaisuuksia-2021-210x300.png 210w, https:\/\/turunsarjakuvaseura.fi\/wordpress\/wp-content\/uploads\/2023\/02\/Moninaisuuksia-2021-717x1024.png 717w, https:\/\/turunsarjakuvaseura.fi\/wordpress\/wp-content\/uploads\/2023\/02\/Moninaisuuksia-2021-768x1096.png 768w, https:\/\/turunsarjakuvaseura.fi\/wordpress\/wp-content\/uploads\/2023\/02\/Moninaisuuksia-2021-1076x1536.png 1076w, https:\/\/turunsarjakuvaseura.fi\/wordpress\/wp-content\/uploads\/2023\/02\/Moninaisuuksia-2021-1435x2048.png 1435w\" sizes=\"auto, (max-width: 1456px) 100vw, 1456px\" \/><\/a>\n    <h2 class=\"featured-content-entry-title entry-title\"><a href=\"https:\/\/turunsarjakuvaseura.fi\/wordpress\/en\/featured-content\/moninaisuuksia\/\" title=\"Antologia 2021: Moninaisuuksia\">Antologia 2021: Moninaisuuksia<\/a><\/h2>\n            <div class=\"featured-content-entry-meta entry-meta\">\n                <\/div>\n        <\/header>\n\n        <div class=\"featured-content-entry-content entry-content\"><p>Sukupuolen moninaisuus on osa ihmisyyden loputonta, rikasta varianssia. T\u00e4h\u00e4n antologiaan on saatu 11 tekij\u00e4lt\u00e4 sarjakuvia, joissa k\u00e4sitell\u00e4\u00e4n trans- ja muunsukupuolisuutta &hellip; <span class=\"more-button\"><a href=\"https:\/\/turunsarjakuvaseura.fi\/wordpress\/en\/featured-content\/moninaisuuksia\/\" class=\"more-link\">Lue lis\u00e4\u00e4<span class=\"screen-reader-text\">Antologia 2021: Moninaisuuksia<\/span><\/a><\/span><\/p>\n<\/div>\n    <\/div><!-- close .featured-content-entry -->\n<div class=\"hentry featured-content-entry\">\n    <header class=\"featured-content-entry-header entry-header\">\n    <a class=\"featured-content-featured-image\" href=\"https:\/\/turunsarjakuvaseura.fi\/wordpress\/en\/featured-content\/punk\/\"><img loading=\"lazy\" decoding=\"async\" width=\"1132\" height=\"1614\" src=\"https:\/\/turunsarjakuvaseura.fi\/wordpress\/wp-content\/uploads\/2022\/12\/Antologia_punk-e1676410535823.jpg\" class=\"attachment-ect-featured size-ect-featured wp-post-image\" alt=\"\" srcset=\"https:\/\/turunsarjakuvaseura.fi\/wordpress\/wp-content\/uploads\/2022\/12\/Antologia_punk-e1676410535823.jpg 1132w, https:\/\/turunsarjakuvaseura.fi\/wordpress\/wp-content\/uploads\/2022\/12\/Antologia_punk-e1676410535823-210x300.jpg 210w, https:\/\/turunsarjakuvaseura.fi\/wordpress\/wp-content\/uploads\/2022\/12\/Antologia_punk-e1676410535823-718x1024.jpg 718w, https:\/\/turunsarjakuvaseura.fi\/wordpress\/wp-content\/uploads\/2022\/12\/Antologia_punk-e1676410535823-768x1095.jpg 768w, https:\/\/turunsarjakuvaseura.fi\/wordpress\/wp-content\/uploads\/2022\/12\/Antologia_punk-e1676410535823-1077x1536.jpg 1077w\" sizes=\"auto, (max-width: 1132px) 100vw, 1132px\" \/><\/a>\n    <h2 class=\"featured-content-entry-title entry-title\"><a href=\"https:\/\/turunsarjakuvaseura.fi\/wordpress\/en\/featured-content\/punk\/\" title=\"Antologia 2022: PUNK!\">Antologia 2022: PUNK!<\/a><\/h2>\n            <div class=\"featured-content-entry-meta entry-meta\">\n                <\/div>\n        <\/header>\n\n        <div class=\"featured-content-entry-content entry-content\"><p>Rosoista anarkiaa tai maailmojasyleilev\u00e4\u00e4 kapinallisuutta: PUNK! on asennetta, musiikkia ja tekemist\u00e4 omalla tyylill\u00e4. Turun sarjakuvakerhon antologiassa n\u00e4hd\u00e4\u00e4n t\u00e4n\u00e4 vuonna punkkeilua &hellip; <span class=\"more-button\"><a href=\"https:\/\/turunsarjakuvaseura.fi\/wordpress\/en\/featured-content\/punk\/\" class=\"more-link\">Lue lis\u00e4\u00e4<span class=\"screen-reader-text\">Antologia 2022: PUNK!<\/span><\/a><\/span><\/p>\n<\/div>\n    <\/div><!-- close .featured-content-entry -->\n<div class=\"hentry featured-content-entry\">\n    <header class=\"featured-content-entry-header entry-header\">\n    <a class=\"featured-content-featured-image\" href=\"https:\/\/turunsarjakuvaseura.fi\/wordpress\/en\/featured-content\/linnunrata\/\"><img loading=\"lazy\" decoding=\"async\" width=\"1110\" height=\"1574\" src=\"https:\/\/turunsarjakuvaseura.fi\/wordpress\/wp-content\/uploads\/2024\/02\/Nayttokuva-2024-2-18-kello-0.33.29.png\" class=\"attachment-ect-featured size-ect-featured wp-post-image\" alt=\"Antologia 2024 Linnunrata\" srcset=\"https:\/\/turunsarjakuvaseura.fi\/wordpress\/wp-content\/uploads\/2024\/02\/Nayttokuva-2024-2-18-kello-0.33.29.png 1110w, https:\/\/turunsarjakuvaseura.fi\/wordpress\/wp-content\/uploads\/2024\/02\/Nayttokuva-2024-2-18-kello-0.33.29-212x300.png 212w, https:\/\/turunsarjakuvaseura.fi\/wordpress\/wp-content\/uploads\/2024\/02\/Nayttokuva-2024-2-18-kello-0.33.29-722x1024.png 722w, https:\/\/turunsarjakuvaseura.fi\/wordpress\/wp-content\/uploads\/2024\/02\/Nayttokuva-2024-2-18-kello-0.33.29-768x1089.png 768w, https:\/\/turunsarjakuvaseura.fi\/wordpress\/wp-content\/uploads\/2024\/02\/Nayttokuva-2024-2-18-kello-0.33.29-1083x1536.png 1083w\" sizes=\"auto, (max-width: 1110px) 100vw, 1110px\" \/><\/a>\n    <h2 class=\"featured-content-entry-title entry-title\"><a href=\"https:\/\/turunsarjakuvaseura.fi\/wordpress\/en\/featured-content\/linnunrata\/\" title=\"Antologia 2023: Linnunrata\">Antologia 2023: Linnunrata<\/a><\/h2>\n            <div class=\"featured-content-entry-meta entry-meta\">\n                <\/div>\n        <\/header>\n\n        <div class=\"featured-content-entry-content entry-content\"><p>Are you fascinated with the ageless mysteries of space? Do the stars give a direction for your life? &hellip; <span class=\"more-button\"><a href=\"https:\/\/turunsarjakuvaseura.fi\/wordpress\/en\/featured-content\/linnunrata\/\" class=\"more-link\">Lue lis\u00e4\u00e4<span class=\"screen-reader-text\">Antologia 2023: Linnunrata<\/span><\/a><\/span><\/p>\n<\/div>\n    <\/div><!-- close .featured-content-entry -->\n<div class=\"hentry featured-content-entry\">\n    <header class=\"featured-content-entry-header entry-header\">\n    <a class=\"featured-content-featured-image\" href=\"https:\/\/turunsarjakuvaseura.fi\/wordpress\/en\/featured-content\/antologia-2024-juhlat\/\"><img loading=\"lazy\" decoding=\"async\" width=\"796\" height=\"1128\" src=\"https:\/\/turunsarjakuvaseura.fi\/wordpress\/wp-content\/uploads\/2024\/11\/Juhlat-2024.png\" class=\"attachment-ect-featured size-ect-featured wp-post-image\" alt=\"\" srcset=\"https:\/\/turunsarjakuvaseura.fi\/wordpress\/wp-content\/uploads\/2024\/11\/Juhlat-2024.png 796w, https:\/\/turunsarjakuvaseura.fi\/wordpress\/wp-content\/uploads\/2024\/11\/Juhlat-2024-212x300.png 212w, https:\/\/turunsarjakuvaseura.fi\/wordpress\/wp-content\/uploads\/2024\/11\/Juhlat-2024-723x1024.png 723w, https:\/\/turunsarjakuvaseura.fi\/wordpress\/wp-content\/uploads\/2024\/11\/Juhlat-2024-768x1088.png 768w\" sizes=\"auto, (max-width: 796px) 100vw, 796px\" \/><\/a>\n    <h2 class=\"featured-content-entry-title entry-title\"><a href=\"https:\/\/turunsarjakuvaseura.fi\/wordpress\/en\/featured-content\/antologia-2024-juhlat\/\" title=\"Antologia 2024: Juhlat\">Antologia 2024: Juhlat<\/a><\/h2>\n            <div class=\"featured-content-entry-meta entry-meta\">\n                <\/div>\n        <\/header>\n\n        <div class=\"featured-content-entry-content entry-content\"><p>Ykk\u00f6set p\u00e4\u00e4lle ja tukka kuosiin! On aika juhlia! &hellip; <span class=\"more-button\"><a href=\"https:\/\/turunsarjakuvaseura.fi\/wordpress\/en\/featured-content\/antologia-2024-juhlat\/\" class=\"more-link\">Lue lis\u00e4\u00e4<span class=\"screen-reader-text\">Antologia 2024: Juhlat<\/span><\/a><\/span><\/p>\n<\/div>\n    <\/div><!-- close .featured-content-entry -->\n<div class=\"hentry featured-content-entry\">\n    <header class=\"featured-content-entry-header entry-header\">\n    <a class=\"featured-content-featured-image\" href=\"https:\/\/turunsarjakuvaseura.fi\/wordpress\/en\/featured-content\/antologia-2025-sakset\/\"><img loading=\"lazy\" decoding=\"async\" width=\"864\" height=\"1234\" src=\"https:\/\/turunsarjakuvaseura.fi\/wordpress\/wp-content\/uploads\/2025\/11\/2025-Sakset.png\" class=\"attachment-ect-featured size-ect-featured wp-post-image\" alt=\"\" srcset=\"https:\/\/turunsarjakuvaseura.fi\/wordpress\/wp-content\/uploads\/2025\/11\/2025-Sakset.png 864w, https:\/\/turunsarjakuvaseura.fi\/wordpress\/wp-content\/uploads\/2025\/11\/2025-Sakset-210x300.png 210w, https:\/\/turunsarjakuvaseura.fi\/wordpress\/wp-content\/uploads\/2025\/11\/2025-Sakset-717x1024.png 717w, https:\/\/turunsarjakuvaseura.fi\/wordpress\/wp-content\/uploads\/2025\/11\/2025-Sakset-768x1097.png 768w\" sizes=\"auto, (max-width: 864px) 100vw, 864px\" \/><\/a>\n    <h2 class=\"featured-content-entry-title entry-title\"><a href=\"https:\/\/turunsarjakuvaseura.fi\/wordpress\/en\/featured-content\/antologia-2025-sakset\/\" title=\"Antologia 2025: Sakset\">Antologia 2025: Sakset<\/a><\/h2>\n            <div class=\"featured-content-entry-meta entry-meta\">\n                <\/div>\n        <\/header>\n\n        <div class=\"featured-content-entry-content entry-content\"><p>Saksilla voi leikata turhan pois ja paljastaa r\u00f6nsyjen alla piilev\u00e4t salaisuudet. Turun sarjakuvaseuran vuosiantologian tarinoissa sakset tuovat mukanaan muutosta ja &hellip; <span class=\"more-button\"><a href=\"https:\/\/turunsarjakuvaseura.fi\/wordpress\/en\/featured-content\/antologia-2025-sakset\/\" class=\"more-link\">Lue lis\u00e4\u00e4<span class=\"screen-reader-text\">Antologia 2025: Sakset<\/span><\/a><\/span><\/p>\n<\/div>\n    <\/div><!-- close .featured-content-entry -->\n<div class=\"hentry featured-content-entry\">\n    <header class=\"featured-content-entry-header entry-header\">\n    <a class=\"featured-content-featured-image\" href=\"https:\/\/turunsarjakuvaseura.fi\/wordpress\/en\/featured-content\/testijulkaisu\/\"><img loading=\"lazy\" decoding=\"async\" width=\"560\" height=\"805\" src=\"https:\/\/turunsarjakuvaseura.fi\/wordpress\/wp-content\/uploads\/2020\/04\/mray-optimized.jpg\" class=\"attachment-ect-featured size-ect-featured wp-post-image\" alt=\"\" srcset=\"https:\/\/turunsarjakuvaseura.fi\/wordpress\/wp-content\/uploads\/2020\/04\/mray-optimized.jpg 560w, https:\/\/turunsarjakuvaseura.fi\/wordpress\/wp-content\/uploads\/2020\/04\/mray-optimized-209x300.jpg 209w\" sizes=\"auto, (max-width: 560px) 100vw, 560px\" \/><\/a>\n    <h2 class=\"featured-content-entry-title entry-title\"><a href=\"https:\/\/turunsarjakuvaseura.fi\/wordpress\/en\/featured-content\/testijulkaisu\/\" title=\"Antologia 2019: Mr\u00e4y\">Antologia 2019: Mr\u00e4y<\/a><\/h2>\n            <div class=\"featured-content-entry-meta entry-meta\">\n                <\/div>\n        <\/header>\n\n        <div class=\"featured-content-entry-content entry-content\"><p>Turun Sarjakuvakerhon halusi t\u00e4m\u00e4n vuoden antologiassaan auttaa mirri\u00e4 nousemaan p\u00f6yd\u00e4lle ja vaatimaan ansaitsemaansa paikkaa sarjakuvan historiassa! &hellip; <span class=\"more-button\"><a href=\"https:\/\/turunsarjakuvaseura.fi\/wordpress\/en\/featured-content\/testijulkaisu\/\" class=\"more-link\">Lue lis\u00e4\u00e4<span class=\"screen-reader-text\">Antologia 2019: Mr\u00e4y<\/span><\/a><\/span><\/p>\n<\/div>\n    <\/div><!-- close .featured-content-entry -->\n<div class=\"hentry featured-content-entry\">\n    <header class=\"featured-content-entry-header entry-header\">\n    <a class=\"featured-content-featured-image\" href=\"https:\/\/turunsarjakuvaseura.fi\/wordpress\/en\/featured-content\/anomia\/\"><img loading=\"lazy\" decoding=\"async\" width=\"185\" height=\"265\" src=\"https:\/\/turunsarjakuvaseura.fi\/wordpress\/wp-content\/uploads\/2020\/01\/anomia.png\" class=\"attachment-ect-featured size-ect-featured wp-post-image\" alt=\"\" \/><\/a>\n    <h2 class=\"featured-content-entry-title entry-title\"><a href=\"https:\/\/turunsarjakuvaseura.fi\/wordpress\/en\/featured-content\/anomia\/\" title=\"Antologia 2018: Anomia\">Antologia 2018: Anomia<\/a><\/h2>\n            <div class=\"featured-content-entry-meta entry-meta\">\n                <\/div>\n        <\/header>\n\n        <div class=\"featured-content-entry-content entry-content\"><p>Sarjakuvantekij\u00e4t pohtivat yhteis\u00f6n ulkopuolisuutta, siit\u00e4 ulos sulkemista ja ulossulkeutumista. Miten kuulua joukkoon? Kuka m\u00e4\u00e4ritt\u00e4\u00e4 normaalin? &hellip; <span class=\"more-button\"><a href=\"https:\/\/turunsarjakuvaseura.fi\/wordpress\/en\/featured-content\/anomia\/\" class=\"more-link\">Lue lis\u00e4\u00e4<span class=\"screen-reader-text\">Antologia 2018: Anomia<\/span><\/a><\/span><\/p>\n<\/div>\n    <\/div><!-- close .featured-content-entry -->\n<div class=\"hentry featured-content-entry\">\n    <header class=\"featured-content-entry-header entry-header\">\n    <a class=\"featured-content-featured-image\" href=\"https:\/\/turunsarjakuvaseura.fi\/wordpress\/en\/featured-content\/leijonan-mieli\/\"><img loading=\"lazy\" decoding=\"async\" width=\"566\" height=\"805\" src=\"https:\/\/turunsarjakuvaseura.fi\/wordpress\/wp-content\/uploads\/2020\/04\/leijonan-mieli-optimized.jpg\" class=\"attachment-ect-featured size-ect-featured wp-post-image\" alt=\"\" srcset=\"https:\/\/turunsarjakuvaseura.fi\/wordpress\/wp-content\/uploads\/2020\/04\/leijonan-mieli-optimized.jpg 566w, https:\/\/turunsarjakuvaseura.fi\/wordpress\/wp-content\/uploads\/2020\/04\/leijonan-mieli-optimized-211x300.jpg 211w\" sizes=\"auto, (max-width: 566px) 100vw, 566px\" \/><\/a>\n    <h2 class=\"featured-content-entry-title entry-title\"><a href=\"https:\/\/turunsarjakuvaseura.fi\/wordpress\/en\/featured-content\/leijonan-mieli\/\" title=\"Antologia 2017: Leijonan mieli\">Antologia 2017: Leijonan mieli<\/a><\/h2>\n            <div class=\"featured-content-entry-meta entry-meta\">\n                <\/div>\n        <\/header>\n\n        <div class=\"featured-content-entry-content entry-content\"><p> Mit\u00e4 ajatuksia ja tunteita teema &#8220;Leijonan mieli&#8221; tuo esiin suomalaisissa sarjakuvapiirt\u00e4jiss\u00e4 t\u00e4n\u00e4\u00e4n? Viel\u00e4p\u00e4 vuonna 2017, jona Suomi t\u00e4ytt\u00e4\u00e4 100 vuotta? &hellip; <span class=\"more-button\"><a href=\"https:\/\/turunsarjakuvaseura.fi\/wordpress\/en\/featured-content\/leijonan-mieli\/\" class=\"more-link\">Lue lis\u00e4\u00e4<span class=\"screen-reader-text\">Antologia 2017: Leijonan mieli<\/span><\/a><\/span><\/p>\n<\/div>\n    <\/div><!-- close .featured-content-entry -->\n<div class=\"hentry featured-content-entry\">\n    <header class=\"featured-content-entry-header entry-header\">\n    <a class=\"featured-content-featured-image\" href=\"https:\/\/turunsarjakuvaseura.fi\/wordpress\/en\/featured-content\/koti-ikava\/\"><img loading=\"lazy\" decoding=\"async\" width=\"572\" height=\"805\" src=\"https:\/\/turunsarjakuvaseura.fi\/wordpress\/wp-content\/uploads\/2020\/04\/Koti-ikava-kansi-optimized.jpg\" class=\"attachment-ect-featured size-ect-featured wp-post-image\" alt=\"\" srcset=\"https:\/\/turunsarjakuvaseura.fi\/wordpress\/wp-content\/uploads\/2020\/04\/Koti-ikava-kansi-optimized.jpg 572w, https:\/\/turunsarjakuvaseura.fi\/wordpress\/wp-content\/uploads\/2020\/04\/Koti-ikava-kansi-optimized-213x300.jpg 213w\" sizes=\"auto, (max-width: 572px) 100vw, 572px\" \/><\/a>\n    <h2 class=\"featured-content-entry-title entry-title\"><a href=\"https:\/\/turunsarjakuvaseura.fi\/wordpress\/en\/featured-content\/koti-ikava\/\" title=\"Antologia 2016: Koti-ik\u00e4v\u00e4\">Antologia 2016: Koti-ik\u00e4v\u00e4<\/a><\/h2>\n            <div class=\"featured-content-entry-meta entry-meta\">\n                <\/div>\n        <\/header>\n\n        <div class=\"featured-content-entry-content entry-content\"><p>Turun Sarjakuvakerho halusi selvitt\u00e4\u00e4, mit\u00e4 ajatuksia ja tunteita teema koti-ik\u00e4v\u00e4 saa esiin suomalaisissa sarjakuvapiirt\u00e4jiss\u00e4 aikana, jona tuhannet ihmiset joutuvat l\u00e4htem\u00e4\u00e4n kodeistaan ja suuntaamaan kohti tuntematonta. &hellip; <span class=\"more-button\"><a href=\"https:\/\/turunsarjakuvaseura.fi\/wordpress\/en\/featured-content\/koti-ikava\/\" class=\"more-link\">Lue lis\u00e4\u00e4<span class=\"screen-reader-text\">Antologia 2016: Koti-ik\u00e4v\u00e4<\/span><\/a><\/span><\/p>\n<\/div>\n    <\/div><!-- close .featured-content-entry -->\n<div class=\"hentry featured-content-entry\">\n    <header class=\"featured-content-entry-header entry-header\">\n    <a class=\"featured-content-featured-image\" href=\"https:\/\/turunsarjakuvaseura.fi\/wordpress\/en\/featured-content\/tirri\/\"><img loading=\"lazy\" decoding=\"async\" width=\"503\" height=\"734\" src=\"https:\/\/turunsarjakuvaseura.fi\/wordpress\/wp-content\/uploads\/2020\/01\/tirri.jpg\" class=\"attachment-ect-featured size-ect-featured wp-post-image\" alt=\"\" srcset=\"https:\/\/turunsarjakuvaseura.fi\/wordpress\/wp-content\/uploads\/2020\/01\/tirri.jpg 503w, https:\/\/turunsarjakuvaseura.fi\/wordpress\/wp-content\/uploads\/2020\/01\/tirri-206x300.jpg 206w\" sizes=\"auto, (max-width: 503px) 100vw, 503px\" \/><\/a>\n    <h2 class=\"featured-content-entry-title entry-title\"><a href=\"https:\/\/turunsarjakuvaseura.fi\/wordpress\/en\/featured-content\/tirri\/\" title=\"Tirri\">Tirri<\/a><\/h2>\n            <div class=\"featured-content-entry-meta entry-meta\">\n                <\/div>\n        <\/header>\n\n        <div class=\"featured-content-entry-content entry-content\"><p>T\u00e4m\u00e4 kirja on kattava otos Toni Tirrin sarjakuvista. Strippisarjoistaan tunnetuimman Tirrin tuotanto sis\u00e4lt\u00e4\u00e4 my\u00f6s pidempi\u00e4, tummas\u00e4vyisi\u00e4 sarjoja, joista osa julkaistaan nyt ensimm\u00e4ist\u00e4 kertaa. &hellip; <span class=\"more-button\"><a href=\"https:\/\/turunsarjakuvaseura.fi\/wordpress\/en\/featured-content\/tirri\/\" class=\"more-link\">Lue lis\u00e4\u00e4<span class=\"screen-reader-text\">Tirri<\/span><\/a><\/span><\/p>\n<\/div>\n    <\/div><!-- close .featured-content-entry -->\n<div class=\"hentry featured-content-entry\">\n    <header class=\"featured-content-entry-header entry-header\">\n    <a class=\"featured-content-featured-image\" href=\"https:\/\/turunsarjakuvaseura.fi\/wordpress\/en\/featured-content\/viimeinen-hetero\/\"><img loading=\"lazy\" decoding=\"async\" width=\"560\" height=\"805\" src=\"https:\/\/turunsarjakuvaseura.fi\/wordpress\/wp-content\/uploads\/2020\/04\/viimeinenhetero_optimized.jpg\" class=\"attachment-ect-featured size-ect-featured wp-post-image\" alt=\"\" srcset=\"https:\/\/turunsarjakuvaseura.fi\/wordpress\/wp-content\/uploads\/2020\/04\/viimeinenhetero_optimized.jpg 560w, https:\/\/turunsarjakuvaseura.fi\/wordpress\/wp-content\/uploads\/2020\/04\/viimeinenhetero_optimized-209x300.jpg 209w\" sizes=\"auto, (max-width: 560px) 100vw, 560px\" \/><\/a>\n    <h2 class=\"featured-content-entry-title entry-title\"><a href=\"https:\/\/turunsarjakuvaseura.fi\/wordpress\/en\/featured-content\/viimeinen-hetero\/\" title=\"Antolgia 2015: Viimeinen hetero\">Antolgia 2015: Viimeinen hetero<\/a><\/h2>\n            <div class=\"featured-content-entry-meta entry-meta\">\n                <\/div>\n        <\/header>\n\n        <div class=\"featured-content-entry-content entry-content\"><p>Vuonna 2014 homosaatio ja tasa-arvoinen avioliittolaki olivat polttavia puheenaiheita ymp\u00e4ri Suomea. &hellip; <span class=\"more-button\"><a href=\"https:\/\/turunsarjakuvaseura.fi\/wordpress\/en\/featured-content\/viimeinen-hetero\/\" class=\"more-link\">Lue lis\u00e4\u00e4<span class=\"screen-reader-text\">Antolgia 2015: Viimeinen hetero<\/span><\/a><\/span><\/p>\n<\/div>\n    <\/div><!-- close .featured-content-entry -->\n<div class=\"hentry featured-content-entry\">\n    <header class=\"featured-content-entry-header entry-header\">\n    <a class=\"featured-content-featured-image\" href=\"https:\/\/turunsarjakuvaseura.fi\/wordpress\/en\/featured-content\/vuonna-1974\/\"><img loading=\"lazy\" decoding=\"async\" width=\"571\" height=\"805\" src=\"https:\/\/turunsarjakuvaseura.fi\/wordpress\/wp-content\/uploads\/2020\/04\/1974-kansi-optimized.jpg\" class=\"attachment-ect-featured size-ect-featured wp-post-image\" alt=\"\" srcset=\"https:\/\/turunsarjakuvaseura.fi\/wordpress\/wp-content\/uploads\/2020\/04\/1974-kansi-optimized.jpg 571w, https:\/\/turunsarjakuvaseura.fi\/wordpress\/wp-content\/uploads\/2020\/04\/1974-kansi-optimized-213x300.jpg 213w\" sizes=\"auto, (max-width: 571px) 100vw, 571px\" \/><\/a>\n    <h2 class=\"featured-content-entry-title entry-title\"><a href=\"https:\/\/turunsarjakuvaseura.fi\/wordpress\/en\/featured-content\/vuonna-1974\/\" title=\"Antologia 2014: Vuonna -74\">Antologia 2014: Vuonna -74<\/a><\/h2>\n            <div class=\"featured-content-entry-meta entry-meta\">\n                <\/div>\n        <\/header>\n\n        <div class=\"featured-content-entry-content entry-content\"><p>Turun Sarjakuvakerho ry juhlii 40-vuotista olemassaoloaan vuonna 2014. Keski-ik\u00e4isyyden kunniaksi Kerhon perinteisen antologian teemaksi valittiin Vuonna -74.  &hellip; <span class=\"more-button\"><a href=\"https:\/\/turunsarjakuvaseura.fi\/wordpress\/en\/featured-content\/vuonna-1974\/\" class=\"more-link\">Lue lis\u00e4\u00e4<span class=\"screen-reader-text\">Antologia 2014: Vuonna -74<\/span><\/a><\/span><\/p>\n<\/div>\n    <\/div><!-- close .featured-content-entry -->\n<div class=\"hentry featured-content-entry\">\n    <header class=\"featured-content-entry-header entry-header\">\n    <a class=\"featured-content-featured-image\" href=\"https:\/\/turunsarjakuvaseura.fi\/wordpress\/en\/featured-content\/dagen-efter\/\"><img loading=\"lazy\" decoding=\"async\" width=\"569\" height=\"805\" src=\"https:\/\/turunsarjakuvaseura.fi\/wordpress\/wp-content\/uploads\/2020\/04\/DagenEfter-kansi-optimized.jpg\" class=\"attachment-ect-featured size-ect-featured wp-post-image\" alt=\"\" srcset=\"https:\/\/turunsarjakuvaseura.fi\/wordpress\/wp-content\/uploads\/2020\/04\/DagenEfter-kansi-optimized.jpg 569w, https:\/\/turunsarjakuvaseura.fi\/wordpress\/wp-content\/uploads\/2020\/04\/DagenEfter-kansi-optimized-212x300.jpg 212w\" sizes=\"auto, (max-width: 569px) 100vw, 569px\" \/><\/a>\n    <h2 class=\"featured-content-entry-title entry-title\"><a href=\"https:\/\/turunsarjakuvaseura.fi\/wordpress\/en\/featured-content\/dagen-efter\/\" title=\"Antologia 2013: Dagen Efter\">Antologia 2013: Dagen Efter<\/a><\/h2>\n            <div class=\"featured-content-entry-meta entry-meta\">\n                <\/div>\n        <\/header>\n\n        <div class=\"featured-content-entry-content entry-content\"><p> Turun Sarjakuvakerhon antologiasarja jatkuu aiheella Dagen Efter. Mik\u00e4 p\u00e4iv\u00e4 ja mink\u00e4 j\u00e4lkeen; n\u00e4iden kysymysten \u00e4\u00e4rell\u00e4 kipuilee 14 taiteilijaa omine n\u00e4kemyksineen &hellip; <span class=\"more-button\"><a href=\"https:\/\/turunsarjakuvaseura.fi\/wordpress\/en\/featured-content\/dagen-efter\/\" class=\"more-link\">Lue lis\u00e4\u00e4<span class=\"screen-reader-text\">Antologia 2013: Dagen Efter<\/span><\/a><\/span><\/p>\n<\/div>\n    <\/div><!-- close .featured-content-entry -->\n<div class=\"hentry featured-content-entry\">\n    <header class=\"featured-content-entry-header entry-header\">\n    <a class=\"featured-content-featured-image\" href=\"https:\/\/turunsarjakuvaseura.fi\/wordpress\/en\/featured-content\/antologia-2012-abocalypse\/\"><img loading=\"lazy\" decoding=\"async\" width=\"211\" height=\"300\" src=\"https:\/\/turunsarjakuvaseura.fi\/wordpress\/wp-content\/uploads\/2020\/01\/abocalypse-kansi-pieni.jpg\" class=\"attachment-ect-featured size-ect-featured wp-post-image\" alt=\"\" \/><\/a>\n    <h2 class=\"featured-content-entry-title entry-title\"><a href=\"https:\/\/turunsarjakuvaseura.fi\/wordpress\/en\/featured-content\/antologia-2012-abocalypse\/\" title=\"Antologia 2012: \u00c5bocalypse\">Antologia 2012: \u00c5bocalypse<\/a><\/h2>\n            <div class=\"featured-content-entry-meta entry-meta\">\n                <\/div>\n        <\/header>\n\n        <div class=\"featured-content-entry-content entry-content\"><p>Turun Sarjakuvakerho ry:n antologia \u00c5bocalypse 2012 esittelee maailmanlopun visioita 22 eri tekij\u00e4lt\u00e4. &hellip; <span class=\"more-button\"><a href=\"https:\/\/turunsarjakuvaseura.fi\/wordpress\/en\/featured-content\/antologia-2012-abocalypse\/\" class=\"more-link\">Lue lis\u00e4\u00e4<span class=\"screen-reader-text\">Antologia 2012: \u00c5bocalypse<\/span><\/a><\/span><\/p>\n<\/div>\n    <\/div><!-- close .featured-content-entry -->\n<div class=\"hentry featured-content-entry\">\n    <header class=\"featured-content-entry-header entry-header\">\n    <a class=\"featured-content-featured-image\" href=\"https:\/\/turunsarjakuvaseura.fi\/wordpress\/en\/featured-content\/leen-van-hulst-maitoa-ja-lunta\/\"><img loading=\"lazy\" decoding=\"async\" width=\"300\" height=\"424\" src=\"https:\/\/turunsarjakuvaseura.fi\/wordpress\/wp-content\/uploads\/2020\/04\/maitoajalunta-kansi-pysty.jpg\" class=\"attachment-ect-featured size-ect-featured wp-post-image\" alt=\"\" srcset=\"https:\/\/turunsarjakuvaseura.fi\/wordpress\/wp-content\/uploads\/2020\/04\/maitoajalunta-kansi-pysty.jpg 300w, https:\/\/turunsarjakuvaseura.fi\/wordpress\/wp-content\/uploads\/2020\/04\/maitoajalunta-kansi-pysty-212x300.jpg 212w\" sizes=\"auto, (max-width: 300px) 100vw, 300px\" \/><\/a>\n    <h2 class=\"featured-content-entry-title entry-title\"><a href=\"https:\/\/turunsarjakuvaseura.fi\/wordpress\/en\/featured-content\/leen-van-hulst-maitoa-ja-lunta\/\" title=\"Leen van Hulst: Maitoa ja lunta\">Leen van Hulst: Maitoa ja lunta<\/a><\/h2>\n            <div class=\"featured-content-entry-meta entry-meta\">\n                <\/div>\n        <\/header>\n\n        <div class=\"featured-content-entry-content entry-content\"><p>Belgialainen Leen p\u00e4\u00e4tyy syd\u00e4ntalvella vaihto-opiskelijaksi Turkuun. Leen ihastuu pian toiseen vaihto-opiskelijaan, irlantilaiseen Gilliin. &hellip; <span class=\"more-button\"><a href=\"https:\/\/turunsarjakuvaseura.fi\/wordpress\/en\/featured-content\/leen-van-hulst-maitoa-ja-lunta\/\" class=\"more-link\">Lue lis\u00e4\u00e4<span class=\"screen-reader-text\">Leen van Hulst: Maitoa ja lunta<\/span><\/a><\/span><\/p>\n<\/div>\n    <\/div><!-- close .featured-content-entry -->\n<div class=\"hentry featured-content-entry\">\n    <header class=\"featured-content-entry-header entry-header\">\n    <a class=\"featured-content-featured-image\" href=\"https:\/\/turunsarjakuvaseura.fi\/wordpress\/en\/featured-content\/antologia-2010-comix-aboensis\/\"><img loading=\"lazy\" decoding=\"async\" width=\"185\" height=\"265\" src=\"https:\/\/turunsarjakuvaseura.fi\/wordpress\/wp-content\/uploads\/2020\/01\/comixaboensis.jpg\" class=\"attachment-ect-featured size-ect-featured wp-post-image\" alt=\"\" \/><\/a>\n    <h2 class=\"featured-content-entry-title entry-title\"><a href=\"https:\/\/turunsarjakuvaseura.fi\/wordpress\/en\/featured-content\/antologia-2010-comix-aboensis\/\" title=\"Antologia 2010: Comix Aboensis\">Antologia 2010: Comix Aboensis<\/a><\/h2>\n            <div class=\"featured-content-entry-meta entry-meta\">\n                <\/div>\n        <\/header>\n\n        <div class=\"featured-content-entry-content entry-content\"><p>Turun Sarjakuvakerhon nelj\u00e4s antologia sis\u00e4lt\u00e4\u00e4 n\u00e4ytt\u00e4v\u00e4n kokoelman kotimaisten taiteilijoiden keskiaikateeman innoittamina piirt\u00e4mi\u00e4 sarjakuvia. &hellip; <span class=\"more-button\"><a href=\"https:\/\/turunsarjakuvaseura.fi\/wordpress\/en\/featured-content\/antologia-2010-comix-aboensis\/\" class=\"more-link\">Lue lis\u00e4\u00e4<span class=\"screen-reader-text\">Antologia 2010: Comix Aboensis<\/span><\/a><\/span><\/p>\n<\/div>\n    <\/div><!-- close .featured-content-entry -->\n<div class=\"hentry featured-content-entry\">\n    <header class=\"featured-content-entry-header entry-header\">\n    <a class=\"featured-content-featured-image\" href=\"https:\/\/turunsarjakuvaseura.fi\/wordpress\/en\/featured-content\/antologia-2007-kaupunkeja\/\"><img loading=\"lazy\" decoding=\"async\" width=\"182\" height=\"265\" src=\"https:\/\/turunsarjakuvaseura.fi\/wordpress\/wp-content\/uploads\/2020\/01\/kaupunkeja.jpg\" class=\"attachment-ect-featured size-ect-featured wp-post-image\" alt=\"\" \/><\/a>\n    <h2 class=\"featured-content-entry-title entry-title\"><a href=\"https:\/\/turunsarjakuvaseura.fi\/wordpress\/en\/featured-content\/antologia-2007-kaupunkeja\/\" title=\"Antologia 2008: Kaupunkeja\">Antologia 2008: Kaupunkeja<\/a><\/h2>\n            <div class=\"featured-content-entry-meta entry-meta\">\n                <\/div>\n        <\/header>\n\n        <div class=\"featured-content-entry-content entry-content\"><p>Turun Sarjakuvakerhon toinen vuotuinen antologia vie lukijansa kaupunkien kaduille niin vakvaissa, hauskoissa kuin absurdeissakin merkeiss\u00e4. &hellip; <span class=\"more-button\"><a href=\"https:\/\/turunsarjakuvaseura.fi\/wordpress\/en\/featured-content\/antologia-2007-kaupunkeja\/\" class=\"more-link\">Lue lis\u00e4\u00e4<span class=\"screen-reader-text\">Antologia 2008: Kaupunkeja<\/span><\/a><\/span><\/p>\n<\/div>\n    <\/div><!-- close .featured-content-entry -->\n<div class=\"hentry featured-content-entry\">\n    <header class=\"featured-content-entry-header entry-header\">\n    <a class=\"featured-content-featured-image\" href=\"https:\/\/turunsarjakuvaseura.fi\/wordpress\/en\/featured-content\/antologia-2006-abotti-huraa\/\"><img loading=\"lazy\" decoding=\"async\" width=\"177\" height=\"265\" src=\"https:\/\/turunsarjakuvaseura.fi\/wordpress\/wp-content\/uploads\/2020\/01\/robo_pien.jpg\" class=\"attachment-ect-featured size-ect-featured wp-post-image\" alt=\"\" \/><\/a>\n    <h2 class=\"featured-content-entry-title entry-title\"><a href=\"https:\/\/turunsarjakuvaseura.fi\/wordpress\/en\/featured-content\/antologia-2006-abotti-huraa\/\" title=\"Antologia 2007: \u00c5botti huraa!\">Antologia 2007: \u00c5botti huraa!<\/a><\/h2>\n            <div class=\"featured-content-entry-meta entry-meta\">\n                <\/div>\n        <\/header>\n\n        <div class=\"featured-content-entry-content entry-content\"><p>Turun Sarjakuvankerhon ensimm\u00e4inen antologia 17 vuoteen. &hellip; <span class=\"more-button\"><a href=\"https:\/\/turunsarjakuvaseura.fi\/wordpress\/en\/featured-content\/antologia-2006-abotti-huraa\/\" class=\"more-link\">Lue lis\u00e4\u00e4<span class=\"screen-reader-text\">Antologia 2007: \u00c5botti huraa!<\/span><\/a><\/span><\/p>\n<\/div>\n    <\/div><!-- close .featured-content-entry -->\t\t\t  \n\t\t\t<\/div><!-- .featured-content-wrapper --><\/div><!-- .ect-wrapper --><\/div><!-- .ect-section -->\n","protected":false},"excerpt":{"rendered":"<p>Turun Sarjakuvankerhon ensimm\u00e4inen antologia 17 vuoteen. Sippo Mentunen: EsipuheHarri Heikkanen: \u00d6rkkien bakkanaalitNippe Vesterinen: Aurajoki \/ Jammun jamitKaisa H: Kissanp\u00e4iv\u00e4t &#8211; &hellip; <span class=\"more-button\"><a href=\"https:\/\/turunsarjakuvaseura.fi\/wordpress\/en\/featured-content\/antologia-2006-abotti-huraa\/\" class=\"more-link\">Lue lis\u00e4\u00e4<span class=\"screen-reader-text\">Antologia 2007: \u00c5botti huraa!<\/span><\/a><\/span> &hellip; <span class=\"more-button\"><a href=\"https:\/\/turunsarjakuvaseura.fi\/wordpress\/en\/featured-content\/antologia-2006-abotti-huraa\/\" class=\"more-link\">Lue lis\u00e4\u00e4<span class=\"screen-reader-text\">Antologia 2007: \u00c5botti huraa!<\/span><\/a><\/span><\/p>\n","protected":false},"author":1,"featured_media":0,"comment_status":"closed","ping_status":"closed","sticky":false,"template":"","format":"standard","meta":{"footnotes":""},"categories":[1],"tags":[],"class_list":["post-216","post","type-post","status-publish","format-standard","hentry","category-yleinen"],"_links":{"self":[{"href":"https:\/\/turunsarjakuvaseura.fi\/wordpress\/en\/wp-json\/wp\/v2\/posts\/216","targetHints":{"allow":["GET"]}}],"collection":[{"href":"https:\/\/turunsarjakuvaseura.fi\/wordpress\/en\/wp-json\/wp\/v2\/posts"}],"about":[{"href":"https:\/\/turunsarjakuvaseura.fi\/wordpress\/en\/wp-json\/wp\/v2\/types\/post"}],"author":[{"embeddable":true,"href":"https:\/\/turunsarjakuvaseura.fi\/wordpress\/en\/wp-json\/wp\/v2\/users\/1"}],"replies":[{"embeddable":true,"href":"https:\/\/turunsarjakuvaseura.fi\/wordpress\/en\/wp-json\/wp\/v2\/comments?post=216"}],"version-history":[{"count":13,"href":"https:\/\/turunsarjakuvaseura.fi\/wordpress\/en\/wp-json\/wp\/v2\/posts\/216\/revisions"}],"predecessor-version":[{"id":570,"href":"https:\/\/turunsarjakuvaseura.fi\/wordpress\/en\/wp-json\/wp\/v2\/posts\/216\/revisions\/570"}],"wp:attachment":[{"href":"https:\/\/turunsarjakuvaseura.fi\/wordpress\/en\/wp-json\/wp\/v2\/media?parent=216"}],"wp:term":[{"taxonomy":"category","embeddable":true,"href":"https:\/\/turunsarjakuvaseura.fi\/wordpress\/en\/wp-json\/wp\/v2\/categories?post=216"},{"taxonomy":"post_tag","embeddable":true,"href":"https:\/\/turunsarjakuvaseura.fi\/wordpress\/en\/wp-json\/wp\/v2\/tags?post=216"}],"curies":[{"name":"wp","href":"https:\/\/api.w.org\/{rel}","templated":true}]}}